{"id":1501,"date":"2024-08-29T10:40:43","date_gmt":"2024-08-29T10:40:43","guid":{"rendered":"https:\/\/www.bauerschmidt-folien.de\/news\/strong-together-at-the-thueringens-sueden-2024-corporate-run\/"},"modified":"2024-08-29T10:40:43","modified_gmt":"2024-08-29T10:40:43","slug":"strong-together-at-the-thueringens-sueden-2024-corporate-run","status":"publish","type":"news-artikel","link":"https:\/\/www.bauerschmidt-folien.de\/en\/news\/strong-together-at-the-thueringens-sueden-2024-corporate-run\/","title":{"rendered":"Strong together at the TH\u00dcRINGENS S\u00dcDEN 2024 corporate run"},"content":{"rendered":"<div class=\"divider-wrapper \">Strong together at the TH\u00dcRINGENS S\u00dcDEN 2024 corporate run<\/div>\n<div class=\"vc_custom_heading_wrap \">\n<div class=\"clear\"><\/div>\n<\/div>\n<div class=\"uncode_text_column text-small\">\n<p>What a great day! In bright sunshine and summer temperatures of nearly 30\u00b0C, we participated in the TH\u00dcRINGENS S\u00dcDEN 2024 corporate run alongside <strong>4,208 participants<\/strong>. This included an impressive <strong>2,285 runners<\/strong> and <strong>1,923 Nordic walkers<\/strong> from a total of <strong>247 companies<\/strong>.<br \/>\nWe are particularly proud that our company was represented by <strong>8 runners<\/strong> and <strong>6 Nordic walkers<\/strong>. With plenty of motivation, team spirit, and fun, we took on the challenge\u2014proving ourselves not only athletically but also as a team!<br \/>\nA heartfelt thank you to everyone who took part and to the organizers for this thoroughly successful event!<\/p>\n<p>&nbsp;<\/p>\n<p><img fetchpriority=\"high\" decoding=\"async\" class=\"alignnone wp-image-1006 size-full\" src=\"https:\/\/www.bauerschmidt-folien.de\/wp-content\/uploads\/2026\/04\/Bauerschm_News_Firmenlauf2024_6-uai-1440x966-1.jpg\" alt=\"\" width=\"1440\" height=\"966\" srcset=\"https:\/\/www.bauerschmidt-folien.de\/wp-content\/uploads\/2026\/04\/Bauerschm_News_Firmenlauf2024_6-uai-1440x966-1.jpg 1440w, https:\/\/www.bauerschmidt-folien.de\/wp-content\/uploads\/2026\/04\/Bauerschm_News_Firmenlauf2024_6-uai-1440x966-1-300x201.jpg 300w, https:\/\/www.bauerschmidt-folien.de\/wp-content\/uploads\/2026\/04\/Bauerschm_News_Firmenlauf2024_6-uai-1440x966-1-1024x687.jpg 1024w, https:\/\/www.bauerschmidt-folien.de\/wp-content\/uploads\/2026\/04\/Bauerschm_News_Firmenlauf2024_6-uai-1440x966-1-768x515.jpg 768w\" sizes=\"(max-width: 1440px) 100vw, 1440px\" \/><\/p>\n<p><img decoding=\"async\" class=\"alignnone wp-image-1007 size-full\" src=\"https:\/\/www.bauerschmidt-folien.de\/wp-content\/uploads\/2026\/04\/Bauerschm_News_Firmenlauf2024_5-uai-1440x966-1.jpg\" alt=\"\" width=\"1440\" height=\"966\" srcset=\"https:\/\/www.bauerschmidt-folien.de\/wp-content\/uploads\/2026\/04\/Bauerschm_News_Firmenlauf2024_5-uai-1440x966-1.jpg 1440w, https:\/\/www.bauerschmidt-folien.de\/wp-content\/uploads\/2026\/04\/Bauerschm_News_Firmenlauf2024_5-uai-1440x966-1-300x201.jpg 300w, https:\/\/www.bauerschmidt-folien.de\/wp-content\/uploads\/2026\/04\/Bauerschm_News_Firmenlauf2024_5-uai-1440x966-1-1024x687.jpg 1024w, https:\/\/www.bauerschmidt-folien.de\/wp-content\/uploads\/2026\/04\/Bauerschm_News_Firmenlauf2024_5-uai-1440x966-1-768x515.jpg 768w\" sizes=\"(max-width: 1440px) 100vw, 1440px\" \/><\/p>\n<\/div>\n","protected":false},"excerpt":{"rendered":"<p>Our team was at the start of the TH\u00dcRINGENS S\u00dcDEN 2024 corporate run with great team spirit and joy.<\/p>\n","protected":false},"featured_media":0,"template":"","meta":[],"news-kategorie":[34],"class_list":["post-1501","news-artikel","type-news-artikel","status-publish","hentry","news-kategorie-activities"],"yoast_head":"<!-- This site is optimized with the Yoast SEO plugin v27.5 - https:\/\/yoast.com\/product\/yoast-seo-wordpress\/ -->\n<title>Strong together at the TH\u00dcRINGENS S\u00dcDEN 2024 corporate run | Bauerschmidt Folien<\/title>\n<meta name=\"robots\" content=\"index, follow, max-snippet:-1, max-image-preview:large, max-video-preview:-1\" \/>\n<link rel=\"canonical\" href=\"https:\/\/www.bauerschmidt-folien.de\/en\/news\/strong-together-at-the-thueringens-sueden-2024-corporate-run\/\" \/>\n<meta property=\"og:locale\" content=\"en_US\" \/>\n<meta property=\"og:type\" content=\"article\" \/>\n<meta property=\"og:title\" content=\"Strong together at the TH\u00dcRINGENS S\u00dcDEN 2024 corporate run | Bauerschmidt Folien\" \/>\n<meta property=\"og:description\" content=\"Our team was at the start of the TH\u00dcRINGENS S\u00dcDEN 2024 corporate run with great team spirit and joy.\" \/>\n<meta property=\"og:url\" content=\"https:\/\/www.bauerschmidt-folien.de\/en\/news\/strong-together-at-the-thueringens-sueden-2024-corporate-run\/\" \/>\n<meta property=\"og:site_name\" content=\"Bauerschmidt Folien\" \/>\n<meta property=\"og:image\" content=\"https:\/\/www.bauerschmidt-folien.de\/wp-content\/uploads\/2026\/04\/Bauerschm_News_Firmenlauf2024_6-uai-1440x966-1.jpg\" \/>\n\t<meta property=\"og:image:width\" content=\"1440\" \/>\n\t<meta property=\"og:image:height\" content=\"966\" \/>\n\t<meta property=\"og:image:type\" content=\"image\/jpeg\" \/>\n<meta name=\"twitter:card\" content=\"summary_large_image\" \/>\n<meta name=\"twitter:label1\" content=\"Est. reading time\" \/>\n\t<meta name=\"twitter:data1\" content=\"1 minute\" \/>\n<script type=\"application\/ld+json\" class=\"yoast-schema-graph\">{\"@context\":\"https:\\\/\\\/schema.org\",\"@graph\":[{\"@type\":\"WebPage\",\"@id\":\"https:\\\/\\\/www.bauerschmidt-folien.de\\\/en\\\/news\\\/strong-together-at-the-thueringens-sueden-2024-corporate-run\\\/\",\"url\":\"https:\\\/\\\/www.bauerschmidt-folien.de\\\/en\\\/news\\\/strong-together-at-the-thueringens-sueden-2024-corporate-run\\\/\",\"name\":\"Strong together at the TH\u00dcRINGENS S\u00dcDEN 2024 corporate run | Bauerschmidt Folien\",\"isPartOf\":{\"@id\":\"https:\\\/\\\/www.bauerschmidt-folien.de\\\/en\\\/#website\"},\"primaryImageOfPage\":{\"@id\":\"https:\\\/\\\/www.bauerschmidt-folien.de\\\/en\\\/news\\\/strong-together-at-the-thueringens-sueden-2024-corporate-run\\\/#primaryimage\"},\"image\":{\"@id\":\"https:\\\/\\\/www.bauerschmidt-folien.de\\\/en\\\/news\\\/strong-together-at-the-thueringens-sueden-2024-corporate-run\\\/#primaryimage\"},\"thumbnailUrl\":\"https:\\\/\\\/www.bauerschmidt-folien.de\\\/wp-content\\\/uploads\\\/2026\\\/04\\\/Bauerschm_News_Firmenlauf2024_6-uai-1440x966-1.jpg\",\"datePublished\":\"2024-08-29T10:40:43+00:00\",\"breadcrumb\":{\"@id\":\"https:\\\/\\\/www.bauerschmidt-folien.de\\\/en\\\/news\\\/strong-together-at-the-thueringens-sueden-2024-corporate-run\\\/#breadcrumb\"},\"inLanguage\":\"en-US\",\"potentialAction\":[{\"@type\":\"ReadAction\",\"target\":[\"https:\\\/\\\/www.bauerschmidt-folien.de\\\/en\\\/news\\\/strong-together-at-the-thueringens-sueden-2024-corporate-run\\\/\"]}]},{\"@type\":\"ImageObject\",\"inLanguage\":\"en-US\",\"@id\":\"https:\\\/\\\/www.bauerschmidt-folien.de\\\/en\\\/news\\\/strong-together-at-the-thueringens-sueden-2024-corporate-run\\\/#primaryimage\",\"url\":\"https:\\\/\\\/www.bauerschmidt-folien.de\\\/wp-content\\\/uploads\\\/2026\\\/04\\\/Bauerschm_News_Firmenlauf2024_6-uai-1440x966-1.jpg\",\"contentUrl\":\"https:\\\/\\\/www.bauerschmidt-folien.de\\\/wp-content\\\/uploads\\\/2026\\\/04\\\/Bauerschm_News_Firmenlauf2024_6-uai-1440x966-1.jpg\"},{\"@type\":\"BreadcrumbList\",\"@id\":\"https:\\\/\\\/www.bauerschmidt-folien.de\\\/en\\\/news\\\/strong-together-at-the-thueringens-sueden-2024-corporate-run\\\/#breadcrumb\",\"itemListElement\":[{\"@type\":\"ListItem\",\"position\":1,\"name\":\"Start\",\"item\":\"https:\\\/\\\/www.bauerschmidt-folien.de\\\/en\\\/home\\\/\"},{\"@type\":\"ListItem\",\"position\":2,\"name\":\"Strong together at the TH\u00dcRINGENS S\u00dcDEN 2024 corporate run\"}]},{\"@type\":\"WebSite\",\"@id\":\"https:\\\/\\\/www.bauerschmidt-folien.de\\\/en\\\/#website\",\"url\":\"https:\\\/\\\/www.bauerschmidt-folien.de\\\/en\\\/\",\"name\":\"Bauerschmidt Folien\",\"description\":\"\",\"publisher\":{\"@id\":\"https:\\\/\\\/www.bauerschmidt-folien.de\\\/en\\\/#organization\"},\"potentialAction\":[{\"@type\":\"SearchAction\",\"target\":{\"@type\":\"EntryPoint\",\"urlTemplate\":\"https:\\\/\\\/www.bauerschmidt-folien.de\\\/en\\\/?s={search_term_string}\"},\"query-input\":{\"@type\":\"PropertyValueSpecification\",\"valueRequired\":true,\"valueName\":\"search_term_string\"}}],\"inLanguage\":\"en-US\"},{\"@type\":\"Organization\",\"@id\":\"https:\\\/\\\/www.bauerschmidt-folien.de\\\/en\\\/#organization\",\"name\":\"Bauerschmidt Folien\",\"url\":\"https:\\\/\\\/www.bauerschmidt-folien.de\\\/en\\\/\",\"logo\":{\"@type\":\"ImageObject\",\"inLanguage\":\"en-US\",\"@id\":\"https:\\\/\\\/www.bauerschmidt-folien.de\\\/en\\\/#\\\/schema\\\/logo\\\/image\\\/\",\"url\":\"https:\\\/\\\/www.bauerschmidt-folien.de\\\/wp-content\\\/uploads\\\/2026\\\/01\\\/cropped-favicon.png\",\"contentUrl\":\"https:\\\/\\\/www.bauerschmidt-folien.de\\\/wp-content\\\/uploads\\\/2026\\\/01\\\/cropped-favicon.png\",\"width\":512,\"height\":512,\"caption\":\"Bauerschmidt Folien\"},\"image\":{\"@id\":\"https:\\\/\\\/www.bauerschmidt-folien.de\\\/en\\\/#\\\/schema\\\/logo\\\/image\\\/\"}}]}<\/script>\n<!-- \/ Yoast SEO plugin. -->","yoast_head_json":{"title":"Strong together at the TH\u00dcRINGENS S\u00dcDEN 2024 corporate run | Bauerschmidt Folien","robots":{"index":"index","follow":"follow","max-snippet":"max-snippet:-1","max-image-preview":"max-image-preview:large","max-video-preview":"max-video-preview:-1"},"canonical":"https:\/\/www.bauerschmidt-folien.de\/en\/news\/strong-together-at-the-thueringens-sueden-2024-corporate-run\/","og_locale":"en_US","og_type":"article","og_title":"Strong together at the TH\u00dcRINGENS S\u00dcDEN 2024 corporate run | Bauerschmidt Folien","og_description":"Our team was at the start of the TH\u00dcRINGENS S\u00dcDEN 2024 corporate run with great team spirit and joy.","og_url":"https:\/\/www.bauerschmidt-folien.de\/en\/news\/strong-together-at-the-thueringens-sueden-2024-corporate-run\/","og_site_name":"Bauerschmidt Folien","og_image":[{"width":1440,"height":966,"url":"https:\/\/www.bauerschmidt-folien.de\/wp-content\/uploads\/2026\/04\/Bauerschm_News_Firmenlauf2024_6-uai-1440x966-1.jpg","type":"image\/jpeg"}],"twitter_card":"summary_large_image","twitter_misc":{"Est. reading time":"1 minute"},"schema":{"@context":"https:\/\/schema.org","@graph":[{"@type":"WebPage","@id":"https:\/\/www.bauerschmidt-folien.de\/en\/news\/strong-together-at-the-thueringens-sueden-2024-corporate-run\/","url":"https:\/\/www.bauerschmidt-folien.de\/en\/news\/strong-together-at-the-thueringens-sueden-2024-corporate-run\/","name":"Strong together at the TH\u00dcRINGENS S\u00dcDEN 2024 corporate run | Bauerschmidt Folien","isPartOf":{"@id":"https:\/\/www.bauerschmidt-folien.de\/en\/#website"},"primaryImageOfPage":{"@id":"https:\/\/www.bauerschmidt-folien.de\/en\/news\/strong-together-at-the-thueringens-sueden-2024-corporate-run\/#primaryimage"},"image":{"@id":"https:\/\/www.bauerschmidt-folien.de\/en\/news\/strong-together-at-the-thueringens-sueden-2024-corporate-run\/#primaryimage"},"thumbnailUrl":"https:\/\/www.bauerschmidt-folien.de\/wp-content\/uploads\/2026\/04\/Bauerschm_News_Firmenlauf2024_6-uai-1440x966-1.jpg","datePublished":"2024-08-29T10:40:43+00:00","breadcrumb":{"@id":"https:\/\/www.bauerschmidt-folien.de\/en\/news\/strong-together-at-the-thueringens-sueden-2024-corporate-run\/#breadcrumb"},"inLanguage":"en-US","potentialAction":[{"@type":"ReadAction","target":["https:\/\/www.bauerschmidt-folien.de\/en\/news\/strong-together-at-the-thueringens-sueden-2024-corporate-run\/"]}]},{"@type":"ImageObject","inLanguage":"en-US","@id":"https:\/\/www.bauerschmidt-folien.de\/en\/news\/strong-together-at-the-thueringens-sueden-2024-corporate-run\/#primaryimage","url":"https:\/\/www.bauerschmidt-folien.de\/wp-content\/uploads\/2026\/04\/Bauerschm_News_Firmenlauf2024_6-uai-1440x966-1.jpg","contentUrl":"https:\/\/www.bauerschmidt-folien.de\/wp-content\/uploads\/2026\/04\/Bauerschm_News_Firmenlauf2024_6-uai-1440x966-1.jpg"},{"@type":"BreadcrumbList","@id":"https:\/\/www.bauerschmidt-folien.de\/en\/news\/strong-together-at-the-thueringens-sueden-2024-corporate-run\/#breadcrumb","itemListElement":[{"@type":"ListItem","position":1,"name":"Start","item":"https:\/\/www.bauerschmidt-folien.de\/en\/home\/"},{"@type":"ListItem","position":2,"name":"Strong together at the TH\u00dcRINGENS S\u00dcDEN 2024 corporate run"}]},{"@type":"WebSite","@id":"https:\/\/www.bauerschmidt-folien.de\/en\/#website","url":"https:\/\/www.bauerschmidt-folien.de\/en\/","name":"Bauerschmidt Folien","description":"","publisher":{"@id":"https:\/\/www.bauerschmidt-folien.de\/en\/#organization"},"potentialAction":[{"@type":"SearchAction","target":{"@type":"EntryPoint","urlTemplate":"https:\/\/www.bauerschmidt-folien.de\/en\/?s={search_term_string}"},"query-input":{"@type":"PropertyValueSpecification","valueRequired":true,"valueName":"search_term_string"}}],"inLanguage":"en-US"},{"@type":"Organization","@id":"https:\/\/www.bauerschmidt-folien.de\/en\/#organization","name":"Bauerschmidt Folien","url":"https:\/\/www.bauerschmidt-folien.de\/en\/","logo":{"@type":"ImageObject","inLanguage":"en-US","@id":"https:\/\/www.bauerschmidt-folien.de\/en\/#\/schema\/logo\/image\/","url":"https:\/\/www.bauerschmidt-folien.de\/wp-content\/uploads\/2026\/01\/cropped-favicon.png","contentUrl":"https:\/\/www.bauerschmidt-folien.de\/wp-content\/uploads\/2026\/01\/cropped-favicon.png","width":512,"height":512,"caption":"Bauerschmidt Folien"},"image":{"@id":"https:\/\/www.bauerschmidt-folien.de\/en\/#\/schema\/logo\/image\/"}}]}},"_links":{"self":[{"href":"https:\/\/www.bauerschmidt-folien.de\/en\/wp-json\/wp\/v2\/news-artikel\/1501","targetHints":{"allow":["GET"]}}],"collection":[{"href":"https:\/\/www.bauerschmidt-folien.de\/en\/wp-json\/wp\/v2\/news-artikel"}],"about":[{"href":"https:\/\/www.bauerschmidt-folien.de\/en\/wp-json\/wp\/v2\/types\/news-artikel"}],"wp:attachment":[{"href":"https:\/\/www.bauerschmidt-folien.de\/en\/wp-json\/wp\/v2\/media?parent=1501"}],"wp:term":[{"taxonomy":"news-kategorie","embeddable":true,"href":"https:\/\/www.bauerschmidt-folien.de\/en\/wp-json\/wp\/v2\/news-kategorie?post=1501"}],"curies":[{"name":"wp","href":"https:\/\/api.w.org\/{rel}","templated":true}]}}